{"id":4726,"date":"2017-11-17T13:09:51","date_gmt":"2017-11-17T13:09:51","guid":{"rendered":"https:\/\/www.aprioripr.com\/?p=4726\/"},"modified":"2017-11-17T13:09:51","modified_gmt":"2017-11-17T13:09:51","slug":"steelcase-beim-9-global-peter-drucker-forum","status":"publish","type":"post","link":"https:\/\/www.aprioripr.com\/de\/steelcase-beim-9-global-peter-drucker-forum\/","title":{"rendered":"STEELCASE BEIM 9. GLOBAL PETER DRUCKER FORUM"},"content":{"rendered":"<p><strong>Steelcase Vice President Guillaume Alvarez spricht \u00fcber die Rolle von Authentizit\u00e4t und Transparenz f\u00fcr erfolgreiche Mitarbeiterf\u00fchrung<\/strong><\/p>\n<p>M\u00fcnchen, 17. November, 2017 \u2013 Guillaume Alvarez, Senior Vice President EMEA bei Steelcase, sprach heute beim 9. Global Peter Drucker Forum in Wien \u00fcber die ver\u00e4nderte Rolle von F\u00fchrungskr\u00e4ften und die Bedeutung von Vertrauen f\u00fcr Innovation und den Unternehmenserfolg. Die j\u00e4hrliche Konferenz versammelt auch in diesem Jahr wieder namhafte Unternehmenslenker, die sich den Herausforderungen erfolgreichen Managements widmen.<\/p>\n<p><a href=\"https:\/\/www.aprioripr.com\/wp-content\/uploads\/2015\/06\/Alvarez-Guillaume_Steelcase.jpg\"><img loading=\"lazy\" class=\"size-medium wp-image-4724 alignleft lazyload\" data-src=\"https:\/\/www.aprioripr.com\/wp-content\/uploads\/2015\/06\/Alvarez-Guillaume_Steelcase-300x200.jpg\" alt=\"\" width=\"300\" height=\"200\" data-srcset=\"https:\/\/www.aprioripr.com\/wp-content\/uploads\/2015\/06\/Alvarez-Guillaume_Steelcase-300x200.jpg 300w, https:\/\/www.aprioripr.com\/wp-content\/uploads\/2015\/06\/Alvarez-Guillaume_Steelcase-768x512.jpg 768w, https:\/\/www.aprioripr.com\/wp-content\/uploads\/2015\/06\/Alvarez-Guillaume_Steelcase-1024x683.jpg 1024w, https:\/\/www.aprioripr.com\/wp-content\/uploads\/2015\/06\/Alvarez-Guillaume_Steelcase-600x400.jpg 600w, https:\/\/www.aprioripr.com\/wp-content\/uploads\/2015\/06\/Alvarez-Guillaume_Steelcase-1320x880.jpg 1320w\" data-sizes=\"(max-width: 300px) 100vw, 300px\" src=\"data:image\/gif;base64,R0lGODlhAQABAAAAACH5BAEKAAEALAAAAAABAAEAAAICTAEAOw==\" style=\"--smush-placeholder-width: 300px; --smush-placeholder-aspect-ratio: 300\/200;\" \/><noscript><img loading=\"lazy\" class=\"size-medium wp-image-4724 alignleft\" src=\"https:\/\/www.aprioripr.com\/wp-content\/uploads\/2015\/06\/Alvarez-Guillaume_Steelcase-300x200.jpg\" alt=\"\" width=\"300\" height=\"200\" srcset=\"https:\/\/www.aprioripr.com\/wp-content\/uploads\/2015\/06\/Alvarez-Guillaume_Steelcase-300x200.jpg 300w, https:\/\/www.aprioripr.com\/wp-content\/uploads\/2015\/06\/Alvarez-Guillaume_Steelcase-768x512.jpg 768w, https:\/\/www.aprioripr.com\/wp-content\/uploads\/2015\/06\/Alvarez-Guillaume_Steelcase-1024x683.jpg 1024w, https:\/\/www.aprioripr.com\/wp-content\/uploads\/2015\/06\/Alvarez-Guillaume_Steelcase-600x400.jpg 600w, https:\/\/www.aprioripr.com\/wp-content\/uploads\/2015\/06\/Alvarez-Guillaume_Steelcase-1320x880.jpg 1320w\" sizes=\"(max-width: 300px) 100vw, 300px\" \/><\/noscript><\/a>\u201eUm als Unternehmen agil zu sein, m\u00fcssen F\u00fchrungskr\u00e4fte authentisch sein und das Vertrauen ihrer Mitarbeiter gewinnen. Nur auf diese Weise entsteht diese gesunde Portion Mut zum Risiko, die f\u00fcr kreative Ideen und Innovationen notwendig ist,\u201c so Guillaume Alvarez. \u201eF\u00fchrungskr\u00e4fte d\u00fcrfen nicht l\u00e4nger die Rolle des Entscheidungstr\u00e4gers im Eckb\u00fcro einnehmen. Ihre Hauptaufgabe muss es stattdessen sein, die Unternehmenskultur glaubhaft zu vermitteln.\u201c<\/p>\n<p>Viel zu oft erscheinen F\u00fchrungskr\u00e4fte aufgrund der Raumgestaltung als unnahbar f\u00fcr ihre eigenen Teams. Die Managementetage im obersten Stockwerk inklusive Vorzimmerdamen erzeugt ein Gef\u00fchl der Distanz und strikter Formalit\u00e4t. W\u00e4hrend der Podiumsdiskussion zum Thema \u201eNeue Herausforderungen f\u00fcr Unternehmensf\u00fchrer\u201c sprach Alvarez \u00fcber die Bedeutung von Authentizit\u00e4t und Transparenz und dar\u00fcber, wie Raum helfen kann, diese zu f\u00f6rdern.<\/p>\n<p>Im neuen Learning + Innovation Center, das Steelcase k\u00fcrzlich in M\u00fcnchen er\u00f6ffnete, befindet sich die F\u00fchrungsetage am strategischen Verkehrsknotenpunkt in der ersten Etage. Diese verbindet das WorkCaf\u00e9 im Erdgeschoss mit den Arbeitsumgebungen in den oberen Stockwerken. Die Folge: Mitarbeiter, G\u00e4ste und Kunden bewegen sich ganz automatisch durch Bereiche, wodurch r\u00e4umliche Barrieren beseitigt und F\u00fchrungskr\u00e4fte sichtbar werden. Dadurch entsteht eine Kultur des Vertrauens und der Zusammenarbeit, die Innovation f\u00f6rdert und so zum Unternehmenserfolg beitr\u00e4gt.<\/p>\n<p>Bereits zum dritten Mal ist Steelcase Partner der Management-Konferenz und stattet auch in diesem Jahr die B\u00fchne sowie einige Bereiche des Veranstaltungsorts mit Coalesse und Steelcase M\u00f6beln aus.<\/p>\n<p><strong>Download der Pressemitteilung:<\/strong><\/p>\n<p><a href=\"https:\/\/www.aprioripr.com\/wp-content\/uploads\/2017\/11\/Steelcase_Global_Peter_Drucker_Forum-2017.pdf\">Download Pressemitteilung Steelcase Global Peter Drucker Forum 2017<\/a><\/p>\n<hr \/>\n<p><strong>Download Bilder:<\/strong><\/p>\n<p><a href=\"https:\/\/www.aprioripr.com\/wp-content\/uploads\/2015\/06\/Steelcase_LINC_Muc_Erste_Etage.jpeg\">Download Bild 1 Steelcase GDP2017<\/a><\/p>\n<p><a href=\"https:\/\/www.aprioripr.com\/wp-content\/uploads\/2015\/06\/Alvarez-Guillaume_Steelcase.jpg\">Download Bild 2 Steelcase GDP2017<\/a><\/p>\n","protected":false},"excerpt":{"rendered":"<p>Steelcase Vice President Guillaume Alvarez spricht \u00fcber die Rolle von Authentizit\u00e4t und Transparenz f\u00fcr erfolgreiche Mitarbeiterf\u00fchrung M\u00fcnchen, 17. November, 2017 \u2013 Guillaume Alvarez, Senior Vice President EMEA bei Steelcase, sprach heute beim 9. Global Peter Drucker Forum in Wien \u00fcber die ver\u00e4nderte Rolle von F\u00fchrungskr\u00e4ften und die Bedeutung von Vertrauen f\u00fcr Innovation und den Unternehmenserfolg.&hellip; <br \/> <a class=\"read-more\" href=\"https:\/\/www.aprioripr.com\/de\/steelcase-beim-9-global-peter-drucker-forum\/\">Weiterlesen<\/a><\/p>\n","protected":false},"author":3,"featured_media":4725,"comment_status":"closed","ping_status":"open","sticky":false,"template":"","format":"standard","meta":[],"categories":[23],"tags":[],"yoast_head":"<!-- This site is optimized with the Yoast SEO Premium plugin v14.7 - https:\/\/yoast.com\/wordpress\/plugins\/seo\/ -->\n<title>STEELCASE BEIM 9. GLOBAL PETER DRUCKER FORUM | apriori pr und marketing<\/title>\n<meta name=\"description\" content=\"apriori pr und marketing I Internationale Digital Marketing und PR Agentur apriori pr und marketing\" \/>\n<meta name=\"robots\" content=\"index, follow\" \/>\n<meta name=\"googlebot\" content=\"index, follow, max-snippet:-1, max-image-preview:large, max-video-preview:-1\" \/>\n<meta name=\"bingbot\" content=\"index, follow, max-snippet:-1, max-image-preview:large, max-video-preview:-1\" \/>\n<link rel=\"canonical\" href=\"https:\/\/www.aprioripr.com\/de\/steelcase-beim-9-global-peter-drucker-forum\/\" \/>\n<meta property=\"og:locale\" content=\"de_DE\" \/>\n<meta property=\"og:type\" content=\"article\" \/>\n<meta property=\"og:title\" content=\"STEELCASE BEIM 9. GLOBAL PETER DRUCKER FORUM | apriori pr und marketing\" \/>\n<meta property=\"og:description\" content=\"apriori pr und marketing I Internationale Digital Marketing und PR Agentur apriori pr und marketing\" \/>\n<meta property=\"og:url\" content=\"https:\/\/www.aprioripr.com\/de\/steelcase-beim-9-global-peter-drucker-forum\/\" \/>\n<meta property=\"og:site_name\" content=\"apriori pr und marketing\" \/>\n<meta property=\"article:publisher\" content=\"https:\/\/www.facebook.com\/aprioriinternational\/?ref=bookmarks\" \/>\n<meta property=\"article:author\" content=\"https:\/\/www.facebook.com\/pg\/aprioriinternational\" \/>\n<meta property=\"article:published_time\" content=\"2017-11-17T13:09:51+00:00\" \/>\n<meta property=\"og:image\" content=\"https:\/\/www.aprioripr.com\/wp-content\/uploads\/2015\/06\/Steelcase_LINC_Muc_Erste_Etage-1024x613.jpeg\" \/>\n\t<meta property=\"og:image:width\" content=\"1024\" \/>\n\t<meta property=\"og:image:height\" content=\"613\" \/>\n<meta name=\"twitter:card\" content=\"summary_large_image\" \/>\n<meta name=\"twitter:creator\" content=\"@https:\/\/twitter.com\/aprioripr\" \/>\n<meta name=\"twitter:site\" content=\"@aprioripr\" \/>\n<script type=\"application\/ld+json\" class=\"yoast-schema-graph\">{\"@context\":\"https:\/\/schema.org\",\"@graph\":[{\"@type\":\"Organization\",\"@id\":\"https:\/\/www.aprioripr.com\/de\/#organization\",\"name\":\"apriori pr und marketing\",\"url\":\"https:\/\/www.aprioripr.com\/de\/\",\"sameAs\":[\"https:\/\/www.facebook.com\/aprioriinternational\/?ref=bookmarks\",\"https:\/\/www.instagram.com\/aprioripr\/?hl=de\",\"https:\/\/www.linkedin.com\/company\/10530298\/\",\"https:\/\/www.youtube.com\/channel\/UCzVZCt51PkhspqwzoBd7dYg\/featured?view_as=subscriber\",\"https:\/\/twitter.com\/aprioripr\"],\"logo\":{\"@type\":\"ImageObject\",\"@id\":\"https:\/\/www.aprioripr.com\/de\/#logo\",\"inLanguage\":\"de\",\"url\":\"https:\/\/www.aprioripr.com\/wp-content\/uploads\/2015\/06\/cropped-cropped-cropped-apriori-pr_and_marketing-Logo-1-1.png\",\"width\":1024,\"height\":1024,\"caption\":\"apriori pr und marketing\"},\"image\":{\"@id\":\"https:\/\/www.aprioripr.com\/de\/#logo\"}},{\"@type\":\"WebSite\",\"@id\":\"https:\/\/www.aprioripr.com\/de\/#website\",\"url\":\"https:\/\/www.aprioripr.com\/de\/\",\"name\":\"apriori pr und marketing\",\"description\":\"International Public Relations and Marketing aprioripr\",\"publisher\":{\"@id\":\"https:\/\/www.aprioripr.com\/de\/#organization\"},\"potentialAction\":[{\"@type\":\"SearchAction\",\"target\":\"https:\/\/www.aprioripr.com\/de\/?s={search_term_string}\",\"query-input\":\"required name=search_term_string\"}],\"inLanguage\":\"de\"},{\"@type\":\"ImageObject\",\"@id\":\"https:\/\/www.aprioripr.com\/de\/steelcase-beim-9-global-peter-drucker-forum\/#primaryimage\",\"inLanguage\":\"de\",\"url\":\"https:\/\/www.aprioripr.com\/wp-content\/uploads\/2015\/06\/Steelcase_LINC_Muc_Erste_Etage.jpeg\",\"width\":2700,\"height\":1616,\"caption\":\"null\"},{\"@type\":\"WebPage\",\"@id\":\"https:\/\/www.aprioripr.com\/de\/steelcase-beim-9-global-peter-drucker-forum\/#webpage\",\"url\":\"https:\/\/www.aprioripr.com\/de\/steelcase-beim-9-global-peter-drucker-forum\/\",\"name\":\"STEELCASE BEIM 9. GLOBAL PETER DRUCKER FORUM | apriori pr und marketing\",\"isPartOf\":{\"@id\":\"https:\/\/www.aprioripr.com\/de\/#website\"},\"primaryImageOfPage\":{\"@id\":\"https:\/\/www.aprioripr.com\/de\/steelcase-beim-9-global-peter-drucker-forum\/#primaryimage\"},\"datePublished\":\"2017-11-17T13:09:51+00:00\",\"dateModified\":\"2017-11-17T13:09:51+00:00\",\"description\":\"apriori pr und marketing I Internationale Digital Marketing und PR Agentur apriori pr und marketing\",\"breadcrumb\":{\"@id\":\"https:\/\/www.aprioripr.com\/de\/steelcase-beim-9-global-peter-drucker-forum\/#breadcrumb\"},\"inLanguage\":\"de\",\"potentialAction\":[{\"@type\":\"ReadAction\",\"target\":[\"https:\/\/www.aprioripr.com\/de\/steelcase-beim-9-global-peter-drucker-forum\/\"]}]},{\"@type\":\"BreadcrumbList\",\"@id\":\"https:\/\/www.aprioripr.com\/de\/steelcase-beim-9-global-peter-drucker-forum\/#breadcrumb\",\"itemListElement\":[{\"@type\":\"ListItem\",\"position\":1,\"item\":{\"@type\":\"WebPage\",\"@id\":\"https:\/\/www.aprioripr.com\/de\/\",\"url\":\"https:\/\/www.aprioripr.com\/de\/\",\"name\":\"About\"}},{\"@type\":\"ListItem\",\"position\":2,\"item\":{\"@type\":\"WebPage\",\"@id\":\"https:\/\/www.aprioripr.com\/de\/steelcase-beim-9-global-peter-drucker-forum\/\",\"url\":\"https:\/\/www.aprioripr.com\/de\/steelcase-beim-9-global-peter-drucker-forum\/\",\"name\":\"STEELCASE BEIM 9. GLOBAL PETER DRUCKER FORUM\"}}]},{\"@type\":\"Article\",\"@id\":\"https:\/\/www.aprioripr.com\/de\/steelcase-beim-9-global-peter-drucker-forum\/#article\",\"isPartOf\":{\"@id\":\"https:\/\/www.aprioripr.com\/de\/steelcase-beim-9-global-peter-drucker-forum\/#webpage\"},\"author\":{\"@id\":\"https:\/\/www.aprioripr.com\/de\/#\/schema\/person\/0be40e0d4bf7054da41fa25949513893\"},\"headline\":\"STEELCASE BEIM 9. GLOBAL PETER DRUCKER FORUM\",\"datePublished\":\"2017-11-17T13:09:51+00:00\",\"dateModified\":\"2017-11-17T13:09:51+00:00\",\"mainEntityOfPage\":{\"@id\":\"https:\/\/www.aprioripr.com\/de\/steelcase-beim-9-global-peter-drucker-forum\/#webpage\"},\"publisher\":{\"@id\":\"https:\/\/www.aprioripr.com\/de\/#organization\"},\"image\":{\"@id\":\"https:\/\/www.aprioripr.com\/de\/steelcase-beim-9-global-peter-drucker-forum\/#primaryimage\"},\"articleSection\":\"Pressemitteilungen\",\"inLanguage\":\"de\"},{\"@type\":[\"Person\"],\"@id\":\"https:\/\/www.aprioripr.com\/de\/#\/schema\/person\/0be40e0d4bf7054da41fa25949513893\",\"name\":\"aprioripr\",\"description\":\"apriori pr &amp; marketing is an International Public Relations and Digital Marketing Agency. Our Services include: International PR, Corporate PR, Digital PR, Digital Marketing, Immersive Media Marketing, Performance Marketing. aprioripr also supports startups in their launch PR or trade fair PR.\",\"sameAs\":[\"https:\/\/www.facebook.com\/pg\/aprioriinternational\",\"https:\/\/www.instagram.com\/aprioripr\/\",\"https:\/\/www.linkedin.com\/in\/christiane-lesch-65ba6576\",\"https:\/\/twitter.com\/https:\/\/twitter.com\/aprioripr\",\"https:\/\/www.youtube.com\/channel\/UCcGDyH0vRoRzz7UPJlz82zQ\"]}]}<\/script>\n<!-- \/ Yoast SEO Premium plugin. -->","_links":{"self":[{"href":"https:\/\/www.aprioripr.com\/de\/wp-json\/wp\/v2\/posts\/4726"}],"collection":[{"href":"https:\/\/www.aprioripr.com\/de\/wp-json\/wp\/v2\/posts"}],"about":[{"href":"https:\/\/www.aprioripr.com\/de\/wp-json\/wp\/v2\/types\/post"}],"author":[{"embeddable":true,"href":"https:\/\/www.aprioripr.com\/de\/wp-json\/wp\/v2\/users\/3"}],"replies":[{"embeddable":true,"href":"https:\/\/www.aprioripr.com\/de\/wp-json\/wp\/v2\/comments?post=4726"}],"version-history":[{"count":3,"href":"https:\/\/www.aprioripr.com\/de\/wp-json\/wp\/v2\/posts\/4726\/revisions"}],"predecessor-version":[{"id":4731,"href":"https:\/\/www.aprioripr.com\/de\/wp-json\/wp\/v2\/posts\/4726\/revisions\/4731"}],"wp:featuredmedia":[{"embeddable":true,"href":"https:\/\/www.aprioripr.com\/de\/wp-json\/wp\/v2\/media\/4725"}],"wp:attachment":[{"href":"https:\/\/www.aprioripr.com\/de\/wp-json\/wp\/v2\/media?parent=4726"}],"wp:term":[{"taxonomy":"category","embeddable":true,"href":"https:\/\/www.aprioripr.com\/de\/wp-json\/wp\/v2\/categories?post=4726"},{"taxonomy":"post_tag","embeddable":true,"href":"https:\/\/www.aprioripr.com\/de\/wp-json\/wp\/v2\/tags?post=4726"}],"curies":[{"name":"wp","href":"https:\/\/api.w.org\/{rel}","templated":true}]}}