{"id":16032,"date":"2022-07-07T15:47:32","date_gmt":"2022-07-07T15:47:32","guid":{"rendered":"https:\/\/www.aprioripr.com\/?p=16032"},"modified":"2022-07-07T15:47:36","modified_gmt":"2022-07-07T15:47:36","slug":"bayerns-beste-schulband-gesucht","status":"publish","type":"post","link":"https:\/\/www.aprioripr.com\/de\/bayerns-beste-schulband-gesucht\/","title":{"rendered":"Bayerns beste Schulband gesucht"},"content":{"rendered":"\n<h2>Schule f\u00fcr Morgen sucht Bayerns beste Schulband<\/h2>\n\n\n\n<p>Im Rahmen des Schule f\u00fcr Morgen Sommerfestes am 15. Juli in der Grund- und Mittelschule in Unterhaching findet der Schulband Wettbewerb der gemeinn\u00fctzigen Initiative \u201cSchule f\u00fcr Morgen\u201d statt.<\/p>\n\n\n\n<p>Mitmachen k\u00f6nnen sowohl Schulbands aus einer Schule als auch Freizeit-Sch\u00fclerbands mit Sch\u00fclerinnen und Sch\u00fclern aus unterschiedlichen Schulen.<\/p>\n\n\n\n<p><strong>1. Email mit Video oder Musikdatei<\/strong><\/p>\n\n\n\n<p>Email via\u00a0Wetransfer\u00a0an\u00a0schulband@schule-fuer-morgen.de\u00a0mit Eurem Bandvideo oder Songmitschnitt, mit dem Ihr auf der Schule f\u00fcr Morgen Sommerfest-B\u00fchne am 15. Juli antreten m\u00f6chtet f\u00fcr die Wahl Bayerns bester Schulband.<\/p>\n\n\n\n<p><strong>2<\/strong>.<strong> Likes sammeln<\/strong><\/p>\n\n\n\n<p>Teilt Euer Video auf Euren Social Media Kan\u00e4len oder denen Eurer Eltern und sammelt Likes bis zum 11. Juli um 23.59 Uhr deutscher Zeit.<\/p>\n\n\n\n<p><strong>3. Jury-Entscheidung<\/strong><\/p>\n\n\n\n<p>Am 11. Juli entscheidet die Schule f\u00fcr Morgen Jury welche 3 Bands aus allen Einreichungen am 15. Juli auf der Sommerfest-B\u00fchne gegeneinander antreten d\u00fcrfen.<\/p>\n\n\n\n<p><strong>4. Auftritt im Finale<\/strong><\/p>\n\n\n\n<p>Die Preisverleihung f\u00fcr Bayerns beste Schulband findet dann nach der Abstimmung durch die Sommerfest-G\u00e4ste am 15. Juli statt. <\/p>\n\n\n\n<p><strong>Der Ablauf: <\/strong><\/p>\n\n\n\n<p>Nachdem die 3 nominierten Top Schulbands ihre Auftritte beendet haben, w\u00e4hlen alle Festg\u00e4ste mit einem Stimmzettel die beste Band. Zwischen 19.30 Uhr und 20 Uhr findet dann die Preisverleihung f\u00fcr Bayerns beste Band statt &#8211; live auf der Sommerfest B\u00fchne in Unterhaching.<\/p>\n\n\n\n<p>Weitere Informationen unter:\u00a0<a href=\"https:\/\/schule-fuer-morgen.de\/schulband\" class=\"broken_link\">https:\/\/schule-fuer-morgen.de\/schulband<\/a><\/p>\n\n\n\n<figure class=\"wp-block-image size-large\"><img loading=\"lazy\" width=\"1024\" height=\"401\" data-src=\"https:\/\/www.aprioripr.com\/wp-content\/uploads\/2015\/06\/Schule_fuer_Morgen_Sommerfest_Banner_010722-1024x401.jpg\" alt=\"\" class=\"wp-image-16028 lazyload\" data-srcset=\"https:\/\/www.aprioripr.com\/wp-content\/uploads\/2015\/06\/Schule_fuer_Morgen_Sommerfest_Banner_010722-1024x401.jpg 1024w, https:\/\/www.aprioripr.com\/wp-content\/uploads\/2015\/06\/Schule_fuer_Morgen_Sommerfest_Banner_010722-600x235.jpg 600w, https:\/\/www.aprioripr.com\/wp-content\/uploads\/2015\/06\/Schule_fuer_Morgen_Sommerfest_Banner_010722-768x300.jpg 768w, https:\/\/www.aprioripr.com\/wp-content\/uploads\/2015\/06\/Schule_fuer_Morgen_Sommerfest_Banner_010722-1536x601.jpg 1536w, https:\/\/www.aprioripr.com\/wp-content\/uploads\/2015\/06\/Schule_fuer_Morgen_Sommerfest_Banner_010722-2048x801.jpg 2048w, https:\/\/www.aprioripr.com\/wp-content\/uploads\/2015\/06\/Schule_fuer_Morgen_Sommerfest_Banner_010722-1920x751.jpg 1920w, https:\/\/www.aprioripr.com\/wp-content\/uploads\/2015\/06\/Schule_fuer_Morgen_Sommerfest_Banner_010722-1320x516.jpg 1320w\" data-sizes=\"(max-width: 1024px) 100vw, 1024px\" src=\"data:image\/gif;base64,R0lGODlhAQABAAAAACH5BAEKAAEALAAAAAABAAEAAAICTAEAOw==\" style=\"--smush-placeholder-width: 1024px; --smush-placeholder-aspect-ratio: 1024\/401;\" \/><noscript><img loading=\"lazy\" width=\"1024\" height=\"401\" src=\"https:\/\/www.aprioripr.com\/wp-content\/uploads\/2015\/06\/Schule_fuer_Morgen_Sommerfest_Banner_010722-1024x401.jpg\" alt=\"\" class=\"wp-image-16028\" srcset=\"https:\/\/www.aprioripr.com\/wp-content\/uploads\/2015\/06\/Schule_fuer_Morgen_Sommerfest_Banner_010722-1024x401.jpg 1024w, https:\/\/www.aprioripr.com\/wp-content\/uploads\/2015\/06\/Schule_fuer_Morgen_Sommerfest_Banner_010722-600x235.jpg 600w, https:\/\/www.aprioripr.com\/wp-content\/uploads\/2015\/06\/Schule_fuer_Morgen_Sommerfest_Banner_010722-768x300.jpg 768w, https:\/\/www.aprioripr.com\/wp-content\/uploads\/2015\/06\/Schule_fuer_Morgen_Sommerfest_Banner_010722-1536x601.jpg 1536w, https:\/\/www.aprioripr.com\/wp-content\/uploads\/2015\/06\/Schule_fuer_Morgen_Sommerfest_Banner_010722-2048x801.jpg 2048w, https:\/\/www.aprioripr.com\/wp-content\/uploads\/2015\/06\/Schule_fuer_Morgen_Sommerfest_Banner_010722-1920x751.jpg 1920w, https:\/\/www.aprioripr.com\/wp-content\/uploads\/2015\/06\/Schule_fuer_Morgen_Sommerfest_Banner_010722-1320x516.jpg 1320w\" sizes=\"(max-width: 1024px) 100vw, 1024px\" \/><\/noscript><\/figure>\n","protected":false},"excerpt":{"rendered":"<p>Schule f\u00fcr Morgen sucht Bayerns beste Schulband Im Rahmen des Schule f\u00fcr Morgen Sommerfestes am 15. Juli in der Grund- und Mittelschule in Unterhaching findet der Schulband Wettbewerb der gemeinn\u00fctzigen Initiative \u201cSchule f\u00fcr Morgen\u201d statt. Mitmachen k\u00f6nnen sowohl Schulbands aus einer Schule als auch Freizeit-Sch\u00fclerbands mit Sch\u00fclerinnen und Sch\u00fclern aus unterschiedlichen Schulen. 1. Email mit&hellip; <br \/> <a class=\"read-more\" href=\"https:\/\/www.aprioripr.com\/de\/bayerns-beste-schulband-gesucht\/\">Weiterlesen<\/a><\/p>\n","protected":false},"author":3,"featured_media":16033,"comment_status":"closed","ping_status":"open","sticky":false,"template":"","format":"standard","meta":[],"categories":[27],"tags":[],"yoast_head":"<!-- This site is optimized with the Yoast SEO Premium plugin v14.7 - https:\/\/yoast.com\/wordpress\/plugins\/seo\/ -->\n<title>Bayerns beste Schulband gesucht | apriori pr und marketing<\/title>\n<meta name=\"description\" content=\"Bayerns beste Schulband gesucht! Musikvideo oder Musikdatei einreichen und 500 \u20ac gewinnen sowie einen Auftritt auf dem Schule f\u00fcr Morgen Sommerfest am 15. Juli in M\u00fcnchen.\" \/>\n<meta name=\"robots\" content=\"index, follow\" \/>\n<meta name=\"googlebot\" content=\"index, follow, max-snippet:-1, max-image-preview:large, max-video-preview:-1\" \/>\n<meta name=\"bingbot\" content=\"index, follow, max-snippet:-1, max-image-preview:large, max-video-preview:-1\" \/>\n<link rel=\"canonical\" href=\"https:\/\/www.aprioripr.com\/de\/bayerns-beste-schulband-gesucht\/\" \/>\n<meta property=\"og:locale\" content=\"de_DE\" \/>\n<meta property=\"og:type\" content=\"article\" \/>\n<meta property=\"og:title\" content=\"Bayerns beste Schulband gesucht | apriori pr und marketing\" \/>\n<meta property=\"og:description\" content=\"Bayerns beste Schulband gesucht! Musikvideo oder Musikdatei einreichen und 500 \u20ac gewinnen sowie einen Auftritt auf dem Schule f\u00fcr Morgen Sommerfest am 15. Juli in M\u00fcnchen.\" \/>\n<meta property=\"og:url\" content=\"https:\/\/www.aprioripr.com\/de\/bayerns-beste-schulband-gesucht\/\" \/>\n<meta property=\"og:site_name\" content=\"apriori pr und marketing\" \/>\n<meta property=\"article:publisher\" content=\"https:\/\/www.facebook.com\/aprioriinternational\/?ref=bookmarks\" \/>\n<meta property=\"article:author\" content=\"https:\/\/www.facebook.com\/pg\/aprioriinternational\" \/>\n<meta property=\"article:published_time\" content=\"2022-07-07T15:47:32+00:00\" \/>\n<meta property=\"article:modified_time\" content=\"2022-07-07T15:47:36+00:00\" \/>\n<meta property=\"og:image\" content=\"https:\/\/www.aprioripr.com\/wp-content\/uploads\/2022\/07\/Header_Band_Contest_Sommerfest-scaled.jpg\" \/>\n\t<meta property=\"og:image:width\" content=\"2560\" \/>\n\t<meta property=\"og:image:height\" content=\"1434\" \/>\n<meta name=\"twitter:card\" content=\"summary_large_image\" \/>\n<meta name=\"twitter:creator\" content=\"@https:\/\/twitter.com\/aprioripr\" \/>\n<meta name=\"twitter:site\" content=\"@aprioripr\" \/>\n<script type=\"application\/ld+json\" class=\"yoast-schema-graph\">{\"@context\":\"https:\/\/schema.org\",\"@graph\":[{\"@type\":\"Organization\",\"@id\":\"https:\/\/www.aprioripr.com\/de\/#organization\",\"name\":\"apriori pr und marketing\",\"url\":\"https:\/\/www.aprioripr.com\/de\/\",\"sameAs\":[\"https:\/\/www.facebook.com\/aprioriinternational\/?ref=bookmarks\",\"https:\/\/www.instagram.com\/aprioripr\/?hl=de\",\"https:\/\/www.linkedin.com\/company\/10530298\/\",\"https:\/\/www.youtube.com\/channel\/UCzVZCt51PkhspqwzoBd7dYg\/featured?view_as=subscriber\",\"https:\/\/twitter.com\/aprioripr\"],\"logo\":{\"@type\":\"ImageObject\",\"@id\":\"https:\/\/www.aprioripr.com\/de\/#logo\",\"inLanguage\":\"de\",\"url\":\"https:\/\/www.aprioripr.com\/wp-content\/uploads\/2015\/06\/cropped-cropped-cropped-apriori-pr_and_marketing-Logo-1-1.png\",\"width\":1024,\"height\":1024,\"caption\":\"apriori pr und marketing\"},\"image\":{\"@id\":\"https:\/\/www.aprioripr.com\/de\/#logo\"}},{\"@type\":\"WebSite\",\"@id\":\"https:\/\/www.aprioripr.com\/de\/#website\",\"url\":\"https:\/\/www.aprioripr.com\/de\/\",\"name\":\"apriori pr und marketing\",\"description\":\"International Public Relations and Marketing aprioripr\",\"publisher\":{\"@id\":\"https:\/\/www.aprioripr.com\/de\/#organization\"},\"potentialAction\":[{\"@type\":\"SearchAction\",\"target\":\"https:\/\/www.aprioripr.com\/de\/?s={search_term_string}\",\"query-input\":\"required name=search_term_string\"}],\"inLanguage\":\"de\"},{\"@type\":\"ImageObject\",\"@id\":\"https:\/\/www.aprioripr.com\/de\/bayerns-beste-schulband-gesucht\/#primaryimage\",\"inLanguage\":\"de\",\"url\":\"https:\/\/www.aprioripr.com\/wp-content\/uploads\/2022\/07\/Header_Band_Contest_Sommerfest-scaled.jpg\",\"width\":2560,\"height\":1434},{\"@type\":\"WebPage\",\"@id\":\"https:\/\/www.aprioripr.com\/de\/bayerns-beste-schulband-gesucht\/#webpage\",\"url\":\"https:\/\/www.aprioripr.com\/de\/bayerns-beste-schulband-gesucht\/\",\"name\":\"Bayerns beste Schulband gesucht | apriori pr und marketing\",\"isPartOf\":{\"@id\":\"https:\/\/www.aprioripr.com\/de\/#website\"},\"primaryImageOfPage\":{\"@id\":\"https:\/\/www.aprioripr.com\/de\/bayerns-beste-schulband-gesucht\/#primaryimage\"},\"datePublished\":\"2022-07-07T15:47:32+00:00\",\"dateModified\":\"2022-07-07T15:47:36+00:00\",\"description\":\"Bayerns beste Schulband gesucht! Musikvideo oder Musikdatei einreichen und 500 \\u20ac gewinnen sowie einen Auftritt auf dem Schule f\\u00fcr Morgen Sommerfest am 15. Juli in M\\u00fcnchen.\",\"breadcrumb\":{\"@id\":\"https:\/\/www.aprioripr.com\/de\/bayerns-beste-schulband-gesucht\/#breadcrumb\"},\"inLanguage\":\"de\",\"potentialAction\":[{\"@type\":\"ReadAction\",\"target\":[\"https:\/\/www.aprioripr.com\/de\/bayerns-beste-schulband-gesucht\/\"]}]},{\"@type\":\"BreadcrumbList\",\"@id\":\"https:\/\/www.aprioripr.com\/de\/bayerns-beste-schulband-gesucht\/#breadcrumb\",\"itemListElement\":[{\"@type\":\"ListItem\",\"position\":1,\"item\":{\"@type\":\"WebPage\",\"@id\":\"https:\/\/www.aprioripr.com\/de\/\",\"url\":\"https:\/\/www.aprioripr.com\/de\/\",\"name\":\"About\"}},{\"@type\":\"ListItem\",\"position\":2,\"item\":{\"@type\":\"WebPage\",\"@id\":\"https:\/\/www.aprioripr.com\/de\/bayerns-beste-schulband-gesucht\/\",\"url\":\"https:\/\/www.aprioripr.com\/de\/bayerns-beste-schulband-gesucht\/\",\"name\":\"Bayerns beste Schulband gesucht\"}}]},{\"@type\":\"Article\",\"@id\":\"https:\/\/www.aprioripr.com\/de\/bayerns-beste-schulband-gesucht\/#article\",\"isPartOf\":{\"@id\":\"https:\/\/www.aprioripr.com\/de\/bayerns-beste-schulband-gesucht\/#webpage\"},\"author\":{\"@id\":\"https:\/\/www.aprioripr.com\/de\/#\/schema\/person\/0be40e0d4bf7054da41fa25949513893\"},\"headline\":\"Bayerns beste Schulband gesucht\",\"datePublished\":\"2022-07-07T15:47:32+00:00\",\"dateModified\":\"2022-07-07T15:47:36+00:00\",\"mainEntityOfPage\":{\"@id\":\"https:\/\/www.aprioripr.com\/de\/bayerns-beste-schulband-gesucht\/#webpage\"},\"publisher\":{\"@id\":\"https:\/\/www.aprioripr.com\/de\/#organization\"},\"image\":{\"@id\":\"https:\/\/www.aprioripr.com\/de\/bayerns-beste-schulband-gesucht\/#primaryimage\"},\"articleSection\":\"News @de\",\"inLanguage\":\"de\"},{\"@type\":[\"Person\"],\"@id\":\"https:\/\/www.aprioripr.com\/de\/#\/schema\/person\/0be40e0d4bf7054da41fa25949513893\",\"name\":\"aprioripr\",\"description\":\"apriori pr &amp; marketing is an International Public Relations and Digital Marketing Agency. Our Services include: International PR, Corporate PR, Digital PR, Digital Marketing, Immersive Media Marketing, Performance Marketing. aprioripr also supports startups in their launch PR or trade fair PR.\",\"sameAs\":[\"https:\/\/www.facebook.com\/pg\/aprioriinternational\",\"https:\/\/www.instagram.com\/aprioripr\/\",\"https:\/\/www.linkedin.com\/in\/christiane-lesch-65ba6576\",\"https:\/\/twitter.com\/https:\/\/twitter.com\/aprioripr\",\"https:\/\/www.youtube.com\/channel\/UCcGDyH0vRoRzz7UPJlz82zQ\"]}]}<\/script>\n<!-- \/ Yoast SEO Premium plugin. -->","_links":{"self":[{"href":"https:\/\/www.aprioripr.com\/de\/wp-json\/wp\/v2\/posts\/16032"}],"collection":[{"href":"https:\/\/www.aprioripr.com\/de\/wp-json\/wp\/v2\/posts"}],"about":[{"href":"https:\/\/www.aprioripr.com\/de\/wp-json\/wp\/v2\/types\/post"}],"author":[{"embeddable":true,"href":"https:\/\/www.aprioripr.com\/de\/wp-json\/wp\/v2\/users\/3"}],"replies":[{"embeddable":true,"href":"https:\/\/www.aprioripr.com\/de\/wp-json\/wp\/v2\/comments?post=16032"}],"version-history":[{"count":2,"href":"https:\/\/www.aprioripr.com\/de\/wp-json\/wp\/v2\/posts\/16032\/revisions"}],"predecessor-version":[{"id":16038,"href":"https:\/\/www.aprioripr.com\/de\/wp-json\/wp\/v2\/posts\/16032\/revisions\/16038"}],"wp:featuredmedia":[{"embeddable":true,"href":"https:\/\/www.aprioripr.com\/de\/wp-json\/wp\/v2\/media\/16033"}],"wp:attachment":[{"href":"https:\/\/www.aprioripr.com\/de\/wp-json\/wp\/v2\/media?parent=16032"}],"wp:term":[{"taxonomy":"category","embeddable":true,"href":"https:\/\/www.aprioripr.com\/de\/wp-json\/wp\/v2\/categories?post=16032"},{"taxonomy":"post_tag","embeddable":true,"href":"https:\/\/www.aprioripr.com\/de\/wp-json\/wp\/v2\/tags?post=16032"}],"curies":[{"name":"wp","href":"https:\/\/api.w.org\/{rel}","templated":true}]}}