{"id":11939,"date":"2019-07-10T12:26:40","date_gmt":"2019-07-10T12:26:40","guid":{"rendered":"https:\/\/www.aprioripr.com\/?p=11939"},"modified":"2019-07-10T13:38:00","modified_gmt":"2019-07-10T13:38:00","slug":"xr-bavaria-e-v-bayerns-neue-fachvereinigung-fuer-vr-ar-und-360","status":"publish","type":"post","link":"https:\/\/www.aprioripr.com\/de\/xr-bavaria-e-v-bayerns-neue-fachvereinigung-fuer-vr-ar-und-360\/","title":{"rendered":"XR Bavaria e.V. &#8211; Bayerns neue Fachvereinigung f\u00fcr VR, AR und 360\u00b0"},"content":{"rendered":"\n<p>M\u00fcnchen, 10. Juli 2019 &#8211; Der Extended Reality Bavaria e.V. (XR Bavaria e.V.) ist eine neu gegr\u00fcndete Fachvereinigung von Personen und Organisationen, die sich zum Ziel gesetzt hat, die Themen Virtual Reality, Augmented Reality, 360\u00b0 Video und weitere Formen der Extended Reality in Bayern zu f\u00f6rdern und zu unterst\u00fctzen. Offiziell ist XR Bavaria im April 2019 mit insgesamt 14 Gr\u00fcndungsmitgliedern aus Wirtschaft, Wissenschaft, Bildung, Medien und weiteren Institutionen gestartet. Der Verein konzentriert sich auf eine schnelle, intensive Vernetzung von XR-Interessierten aus Bayern.<br> <br> Nachdem die Idee eines Vereins bereits vor zwei Jahren ma\u00dfgeblich initiiert durch Astrid Kahmke sowie weiteren Pionieren der XR-Szene in M\u00fcnchen Anlauf genommen hatte, konnte die Gr\u00fcndung jetzt vor allem durch das Engagement von Clarence Dadson vollzogen werden. Dadson hatte bereits im Laufe der letzten 2 Jahre eine starke Community durch seine M\u00fcnchener MeetUp Gruppe \u201eVR und 360\u00b0\u201c aufgebaut, so dass der Verein und die Integration des MeetUps eine logische Konsequenz waren. Gemeinsam mit Martin Rieger, einem renommierten VR-Audio-Experten sowie Petra Dahm, einer international erfahrenen Technologie- und Kommunikationsberaterin, bildet sich der Vorstand des Vereins.<\/p>\n\n\n\n<figure class=\"wp-block-image\"><img loading=\"lazy\" width=\"1024\" height=\"845\" data-src=\"https:\/\/www.aprioripr.com\/wp-content\/uploads\/2019\/07\/Vorstand-XR-Bavaria-eV-ClarenceDadson-PetraDahm-MartinRieger-1024x845.jpg\" alt=\"\" class=\"wp-image-11943 lazyload\" data-srcset=\"https:\/\/www.aprioripr.com\/wp-content\/uploads\/2019\/07\/Vorstand-XR-Bavaria-eV-ClarenceDadson-PetraDahm-MartinRieger-1024x845.jpg 1024w, https:\/\/www.aprioripr.com\/wp-content\/uploads\/2019\/07\/Vorstand-XR-Bavaria-eV-ClarenceDadson-PetraDahm-MartinRieger-600x495.jpg 600w, https:\/\/www.aprioripr.com\/wp-content\/uploads\/2019\/07\/Vorstand-XR-Bavaria-eV-ClarenceDadson-PetraDahm-MartinRieger-768x633.jpg 768w, https:\/\/www.aprioripr.com\/wp-content\/uploads\/2019\/07\/Vorstand-XR-Bavaria-eV-ClarenceDadson-PetraDahm-MartinRieger-1309x1080.jpg 1309w, https:\/\/www.aprioripr.com\/wp-content\/uploads\/2019\/07\/Vorstand-XR-Bavaria-eV-ClarenceDadson-PetraDahm-MartinRieger-1320x1089.jpg 1320w\" data-sizes=\"(max-width: 1024px) 100vw, 1024px\" src=\"data:image\/gif;base64,R0lGODlhAQABAAAAACH5BAEKAAEALAAAAAABAAEAAAICTAEAOw==\" style=\"--smush-placeholder-width: 1024px; --smush-placeholder-aspect-ratio: 1024\/845;\" \/><noscript><img loading=\"lazy\" width=\"1024\" height=\"845\" src=\"https:\/\/www.aprioripr.com\/wp-content\/uploads\/2019\/07\/Vorstand-XR-Bavaria-eV-ClarenceDadson-PetraDahm-MartinRieger-1024x845.jpg\" alt=\"\" class=\"wp-image-11943\" srcset=\"https:\/\/www.aprioripr.com\/wp-content\/uploads\/2019\/07\/Vorstand-XR-Bavaria-eV-ClarenceDadson-PetraDahm-MartinRieger-1024x845.jpg 1024w, https:\/\/www.aprioripr.com\/wp-content\/uploads\/2019\/07\/Vorstand-XR-Bavaria-eV-ClarenceDadson-PetraDahm-MartinRieger-600x495.jpg 600w, https:\/\/www.aprioripr.com\/wp-content\/uploads\/2019\/07\/Vorstand-XR-Bavaria-eV-ClarenceDadson-PetraDahm-MartinRieger-768x633.jpg 768w, https:\/\/www.aprioripr.com\/wp-content\/uploads\/2019\/07\/Vorstand-XR-Bavaria-eV-ClarenceDadson-PetraDahm-MartinRieger-1309x1080.jpg 1309w, https:\/\/www.aprioripr.com\/wp-content\/uploads\/2019\/07\/Vorstand-XR-Bavaria-eV-ClarenceDadson-PetraDahm-MartinRieger-1320x1089.jpg 1320w\" sizes=\"(max-width: 1024px) 100vw, 1024px\" \/><\/noscript><figcaption>Der XR Bavaria e.V. Vorstand: (von links) Clarence Dadson, Petra Dahm, Martin Rieger<\/figcaption><\/figure>\n\n\n\n<p>Die\nListe der Gr\u00fcndungsmitglieder ist neben den bereits genannten mit in der Szene\nbekannten Namen besetzt wie z.B.: Dominic Escofier, Dirk Schart, Leif Arne\nPetersen, Fabrizio Palmas, Christian Felder, Vanessa Hensel, Katrin Paulig,\nAline-Florence Buttkereit, Christoph Ostler, Andreas B\u00fcttner. Bereits in den\nersten Wochen konnten weitere namhafte Vertreter der XR-Szene als Mitglieder\ngewonnen werden, so dass f\u00fcr Interessierte aus den unterschiedlichsten\nBereichen ein breites branchen\u00fcbergreifendes Kompetenzfeld mit Kontakten zu\nlokalen und internationalen XR-Netzwerken zur Verf\u00fcgung steht.<\/p>\n\n\n\n<p>\u201eMit\neinem Mitgliederbeitrag von derzeit 49 EUR\/Jahr setzt der XR Bavaria e.V. ganz\nbewusst einen niedrigen Beitragssatz an, um m\u00f6glichst viele Mitglieder und\ndamit verbunden ein hohes Ma\u00df an Diversifizierung zu erreichen. Angesprochen\nwerden sollen vor allem auch junge Talente und Brancheneinsteiger, um einen\nkontinuierlichen und interdisziplin\u00e4ren Austausch zwischen etablierten Professionals\nund einem engagierten Nachwuchs zu f\u00f6rdern,\u201c erkl\u00e4rt Petra Dahm, Finanzvorstand\ndes XR Bavaria e.V.<\/p>\n\n\n\n<p>Bereits\nheute ist Bayern ein wichtiger Wirtschafts-, Bildungs-, Technologie-,\nIndustrie- und Medienstandort. F\u00fcr die noch junge aber zukunftsstarke XR-Branche,\ndie beg\u00fcnstigt durch eine rasante Entwicklung in der Hard- und Software, in den\nvergangenen Jahren ein signifikantes Wachstum erzielt hat, sind Austausch,\nNetzwerken, aber auch Sichtbarkeit wichtige Faktoren. <\/p>\n\n\n\n<p>\u201eNach\nerfolgreichen Projekten im Ausland setzen auch hierzulande zunehmend mehr Organisationen\nauf immersive Technologien in unterschiedlichster Art und Weise: sowohl in den\nBereichen Medizin, Immobilien, Industrieentwicklung (Prototyping), Service,\nGaming oder HR\/Bildung. Ebenso wie im Entertainment und Infotainment-Bereich\nentstehen neue Chancen, aber z.T. sind auch H\u00fcrden und mangelndes Know-how vorhanden\n\u2013 hier sieht sich der XR Bavaria e.V. als Anlaufstelle,\u201c betont &nbsp;Clarence Dadson, Vorstand und Initiator des XR\nBavaria e.V.<\/p>\n\n\n\n<p>Interessierte\nk\u00f6nnen sich unter <a href=\"http:\/\/www.xrbavaria.de\">www.xrbavaria.de<\/a> informieren oder eines der MeetUps\nbesuchen. <\/p>\n\n\n\n<p>Das\nn\u00e4chste Event findet unter dem Motto \u201eGaming\u201c am 18. Juli 2019 bei Hologate in\nM\u00fcnchen statt. Die Teilnahme ist kostenlos und auch \u201eNicht-Mitglieder\u201c des\nVereins sind herzlich willkommen.<\/p>\n\n\n\n<p>Anmeldungen zu\ndiesem Event \u00fcber: <a href=\"https:\/\/www.meetup.com\/de-DE\/Munich-VR-360-Video-Meetup\/events\/262154788\/\">XR\nBavaria Meetup<\/a><\/p>\n\n\n\n<p>Weitere Informationen:<\/p>\n\n\n\n<p>Extended Reality Bavaria e.V.<\/p>\n\n\n\n<p>Lindwurmstr. 95a<\/p>\n\n\n\n<p>80337 M\u00fcnchen<\/p>\n\n\n\n<p><a href=\"mailto:info@xrbavaria.de\">info@xrbavaria.de<\/a><\/p>\n\n\n\n<p>Tel. 089 2441 8803<\/p>\n\n\n\n<p><strong>Download Pressemitteilung<\/strong><\/p>\n\n\n\n<p><a href=\"https:\/\/www.aprioripr.com\/wp-content\/uploads\/2019\/07\/Pressemitteilung-XRBavaria.pdf\">Download Pressemitteilung XR Bavaria e.V. gestartet<\/a><\/p>\n\n\n\n<hr class=\"wp-block-separator\"\/>\n\n\n\n<p><strong>Download Bilder<\/strong><\/p>\n\n\n\n<p><a href=\"https:\/\/www.aprioripr.com\/wp-content\/uploads\/2019\/07\/Keyvisual-XRBavaria.jpg\"> Download Bild 1 <\/a><\/p>\n\n<p><a href=\"https:\/\/www.aprioripr.com\/wp-content\/uploads\/2019\/07\/Vorstand-XR-Bavaria-eV-ClarenceDadson-PetraDahm-MartinRieger.jpg\"> Download Bild 2 <\/a><\/p>\n\nBildunterschrift: (von links) XR Bavaria e.V. Vorstand Clarence Dadson, Petra Dahm, Martin Rieger \n\n\n\n\n<p><\/p>\n","protected":false},"excerpt":{"rendered":"<p>Der Extended Reality Bavaria e.V. (XR Bavaria e.V.) ist eine neu gegr\u00fcndete Fachvereinigung von Personen und Organisationen, die sich zum Ziel gesetzt hat, die Themen Virtual Reality, Augmented Reality, 360\u00b0 Video und weitere Formen der Extended Reality in Bayern zu f\u00f6rdern und zu unterst\u00fctzen. Offiziell ist XR Bavaria im April 2019 mit insgesamt 14 Gr\u00fcndungsmitgliedern aus Wirtschaft, Wissenschaft, Bildung, Medien und weiteren Institutionen gestartet. Der Verein konzentriert sich auf eine schnelle, intensive Vernetzung von XR-Interessierten aus Bayern.<\/p>\n","protected":false},"author":3,"featured_media":11941,"comment_status":"closed","ping_status":"open","sticky":false,"template":"","format":"standard","meta":[],"categories":[4],"tags":[1522,1444,1524,1523,1520,1521],"yoast_head":"<!-- This site is optimized with the Yoast SEO Premium plugin v14.7 - https:\/\/yoast.com\/wordpress\/plugins\/seo\/ -->\n<title>XR Bavaria e.V. - Bayerns neue Fachvereinigung f\u00fcr VR, AR und 360\u00b0 | apriori pr und marketing<\/title>\n<meta name=\"description\" content=\"apriori pr und marketing I Internationale Digital Marketing und PR Agentur apriori pr und marketing\" \/>\n<meta name=\"robots\" content=\"index, follow\" \/>\n<meta name=\"googlebot\" content=\"index, follow, max-snippet:-1, max-image-preview:large, max-video-preview:-1\" \/>\n<meta name=\"bingbot\" content=\"index, follow, max-snippet:-1, max-image-preview:large, max-video-preview:-1\" \/>\n<link rel=\"canonical\" href=\"https:\/\/www.aprioripr.com\/de\/xr-bavaria-e-v-bayerns-neue-fachvereinigung-fuer-vr-ar-und-360\/\" \/>\n<meta property=\"og:locale\" content=\"de_DE\" \/>\n<meta property=\"og:type\" content=\"article\" \/>\n<meta property=\"og:title\" content=\"XR Bavaria e.V. - Bayerns neue Fachvereinigung f\u00fcr VR, AR und 360\u00b0 | apriori pr und marketing\" \/>\n<meta property=\"og:description\" content=\"apriori pr und marketing I Internationale Digital Marketing und PR Agentur apriori pr und marketing\" \/>\n<meta property=\"og:url\" content=\"https:\/\/www.aprioripr.com\/de\/xr-bavaria-e-v-bayerns-neue-fachvereinigung-fuer-vr-ar-und-360\/\" \/>\n<meta property=\"og:site_name\" content=\"apriori pr und marketing\" \/>\n<meta property=\"article:publisher\" content=\"https:\/\/www.facebook.com\/aprioriinternational\/?ref=bookmarks\" \/>\n<meta property=\"article:author\" content=\"https:\/\/www.facebook.com\/pg\/aprioriinternational\" \/>\n<meta property=\"article:published_time\" content=\"2019-07-10T12:26:40+00:00\" \/>\n<meta property=\"article:modified_time\" content=\"2019-07-10T13:38:00+00:00\" \/>\n<meta property=\"og:image\" content=\"https:\/\/www.aprioripr.com\/wp-content\/uploads\/2019\/07\/Keyvisual-XRBavaria.jpg\" \/>\n\t<meta property=\"og:image:width\" content=\"2238\" \/>\n\t<meta property=\"og:image:height\" content=\"746\" \/>\n<meta name=\"twitter:card\" content=\"summary_large_image\" \/>\n<meta name=\"twitter:creator\" content=\"@https:\/\/twitter.com\/aprioripr\" \/>\n<meta name=\"twitter:site\" content=\"@aprioripr\" \/>\n<script type=\"application\/ld+json\" class=\"yoast-schema-graph\">{\"@context\":\"https:\/\/schema.org\",\"@graph\":[{\"@type\":\"Organization\",\"@id\":\"https:\/\/www.aprioripr.com\/de\/#organization\",\"name\":\"apriori pr und marketing\",\"url\":\"https:\/\/www.aprioripr.com\/de\/\",\"sameAs\":[\"https:\/\/www.facebook.com\/aprioriinternational\/?ref=bookmarks\",\"https:\/\/www.instagram.com\/aprioripr\/?hl=de\",\"https:\/\/www.linkedin.com\/company\/10530298\/\",\"https:\/\/www.youtube.com\/channel\/UCzVZCt51PkhspqwzoBd7dYg\/featured?view_as=subscriber\",\"https:\/\/twitter.com\/aprioripr\"],\"logo\":{\"@type\":\"ImageObject\",\"@id\":\"https:\/\/www.aprioripr.com\/de\/#logo\",\"inLanguage\":\"de\",\"url\":\"https:\/\/www.aprioripr.com\/wp-content\/uploads\/2015\/06\/cropped-cropped-cropped-apriori-pr_and_marketing-Logo-1-1.png\",\"width\":1024,\"height\":1024,\"caption\":\"apriori pr und marketing\"},\"image\":{\"@id\":\"https:\/\/www.aprioripr.com\/de\/#logo\"}},{\"@type\":\"WebSite\",\"@id\":\"https:\/\/www.aprioripr.com\/de\/#website\",\"url\":\"https:\/\/www.aprioripr.com\/de\/\",\"name\":\"apriori pr und marketing\",\"description\":\"International Public Relations and Marketing aprioripr\",\"publisher\":{\"@id\":\"https:\/\/www.aprioripr.com\/de\/#organization\"},\"potentialAction\":[{\"@type\":\"SearchAction\",\"target\":\"https:\/\/www.aprioripr.com\/de\/?s={search_term_string}\",\"query-input\":\"required name=search_term_string\"}],\"inLanguage\":\"de\"},{\"@type\":\"ImageObject\",\"@id\":\"https:\/\/www.aprioripr.com\/de\/xr-bavaria-e-v-bayerns-neue-fachvereinigung-fuer-vr-ar-und-360\/#primaryimage\",\"inLanguage\":\"de\",\"url\":\"https:\/\/www.aprioripr.com\/wp-content\/uploads\/2019\/07\/Keyvisual-XRBavaria.jpg\",\"width\":2238,\"height\":746,\"caption\":\"XR\"},{\"@type\":\"WebPage\",\"@id\":\"https:\/\/www.aprioripr.com\/de\/xr-bavaria-e-v-bayerns-neue-fachvereinigung-fuer-vr-ar-und-360\/#webpage\",\"url\":\"https:\/\/www.aprioripr.com\/de\/xr-bavaria-e-v-bayerns-neue-fachvereinigung-fuer-vr-ar-und-360\/\",\"name\":\"XR Bavaria e.V. - Bayerns neue Fachvereinigung f\\u00fcr VR, AR und 360\\u00b0 | apriori pr und marketing\",\"isPartOf\":{\"@id\":\"https:\/\/www.aprioripr.com\/de\/#website\"},\"primaryImageOfPage\":{\"@id\":\"https:\/\/www.aprioripr.com\/de\/xr-bavaria-e-v-bayerns-neue-fachvereinigung-fuer-vr-ar-und-360\/#primaryimage\"},\"datePublished\":\"2019-07-10T12:26:40+00:00\",\"dateModified\":\"2019-07-10T13:38:00+00:00\",\"description\":\"apriori pr und marketing I Internationale Digital Marketing und PR Agentur apriori pr und marketing\",\"breadcrumb\":{\"@id\":\"https:\/\/www.aprioripr.com\/de\/xr-bavaria-e-v-bayerns-neue-fachvereinigung-fuer-vr-ar-und-360\/#breadcrumb\"},\"inLanguage\":\"de\",\"potentialAction\":[{\"@type\":\"ReadAction\",\"target\":[\"https:\/\/www.aprioripr.com\/de\/xr-bavaria-e-v-bayerns-neue-fachvereinigung-fuer-vr-ar-und-360\/\"]}]},{\"@type\":\"BreadcrumbList\",\"@id\":\"https:\/\/www.aprioripr.com\/de\/xr-bavaria-e-v-bayerns-neue-fachvereinigung-fuer-vr-ar-und-360\/#breadcrumb\",\"itemListElement\":[{\"@type\":\"ListItem\",\"position\":1,\"item\":{\"@type\":\"WebPage\",\"@id\":\"https:\/\/www.aprioripr.com\/de\/\",\"url\":\"https:\/\/www.aprioripr.com\/de\/\",\"name\":\"About\"}},{\"@type\":\"ListItem\",\"position\":2,\"item\":{\"@type\":\"WebPage\",\"@id\":\"https:\/\/www.aprioripr.com\/de\/tag\/bayern\/\",\"url\":\"https:\/\/www.aprioripr.com\/de\/tag\/bayern\/\",\"name\":\"Bayern\"}},{\"@type\":\"ListItem\",\"position\":3,\"item\":{\"@type\":\"WebPage\",\"@id\":\"https:\/\/www.aprioripr.com\/de\/xr-bavaria-e-v-bayerns-neue-fachvereinigung-fuer-vr-ar-und-360\/\",\"url\":\"https:\/\/www.aprioripr.com\/de\/xr-bavaria-e-v-bayerns-neue-fachvereinigung-fuer-vr-ar-und-360\/\",\"name\":\"XR Bavaria e.V. &#8211; Bayerns neue Fachvereinigung f\\u00fcr VR, AR und 360\\u00b0\"}}]},{\"@type\":\"Article\",\"@id\":\"https:\/\/www.aprioripr.com\/de\/xr-bavaria-e-v-bayerns-neue-fachvereinigung-fuer-vr-ar-und-360\/#article\",\"isPartOf\":{\"@id\":\"https:\/\/www.aprioripr.com\/de\/xr-bavaria-e-v-bayerns-neue-fachvereinigung-fuer-vr-ar-und-360\/#webpage\"},\"author\":{\"@id\":\"https:\/\/www.aprioripr.com\/de\/#\/schema\/person\/0be40e0d4bf7054da41fa25949513893\"},\"headline\":\"XR Bavaria e.V. &#8211; Bayerns neue Fachvereinigung f\\u00fcr VR, AR und 360\\u00b0\",\"datePublished\":\"2019-07-10T12:26:40+00:00\",\"dateModified\":\"2019-07-10T13:38:00+00:00\",\"mainEntityOfPage\":{\"@id\":\"https:\/\/www.aprioripr.com\/de\/xr-bavaria-e-v-bayerns-neue-fachvereinigung-fuer-vr-ar-und-360\/#webpage\"},\"publisher\":{\"@id\":\"https:\/\/www.aprioripr.com\/de\/#organization\"},\"image\":{\"@id\":\"https:\/\/www.aprioripr.com\/de\/xr-bavaria-e-v-bayerns-neue-fachvereinigung-fuer-vr-ar-und-360\/#primaryimage\"},\"keywords\":\"Bayern,Extended Reality,Extended Reality Bavaria e.V.,Extended Reality Verein Bayern,XR Bavaria e.V.,XR Verein\",\"articleSection\":\"Unkategorisiert\",\"inLanguage\":\"de\"},{\"@type\":[\"Person\"],\"@id\":\"https:\/\/www.aprioripr.com\/de\/#\/schema\/person\/0be40e0d4bf7054da41fa25949513893\",\"name\":\"aprioripr\",\"description\":\"apriori pr &amp; marketing is an International Public Relations and Digital Marketing Agency. Our Services include: International PR, Corporate PR, Digital PR, Digital Marketing, Immersive Media Marketing, Performance Marketing. aprioripr also supports startups in their launch PR or trade fair PR.\",\"sameAs\":[\"https:\/\/www.facebook.com\/pg\/aprioriinternational\",\"https:\/\/www.instagram.com\/aprioripr\/\",\"https:\/\/www.linkedin.com\/in\/christiane-lesch-65ba6576\",\"https:\/\/twitter.com\/https:\/\/twitter.com\/aprioripr\",\"https:\/\/www.youtube.com\/channel\/UCcGDyH0vRoRzz7UPJlz82zQ\"]}]}<\/script>\n<!-- \/ Yoast SEO Premium plugin. -->","_links":{"self":[{"href":"https:\/\/www.aprioripr.com\/de\/wp-json\/wp\/v2\/posts\/11939"}],"collection":[{"href":"https:\/\/www.aprioripr.com\/de\/wp-json\/wp\/v2\/posts"}],"about":[{"href":"https:\/\/www.aprioripr.com\/de\/wp-json\/wp\/v2\/types\/post"}],"author":[{"embeddable":true,"href":"https:\/\/www.aprioripr.com\/de\/wp-json\/wp\/v2\/users\/3"}],"replies":[{"embeddable":true,"href":"https:\/\/www.aprioripr.com\/de\/wp-json\/wp\/v2\/comments?post=11939"}],"version-history":[{"count":9,"href":"https:\/\/www.aprioripr.com\/de\/wp-json\/wp\/v2\/posts\/11939\/revisions"}],"predecessor-version":[{"id":12519,"href":"https:\/\/www.aprioripr.com\/de\/wp-json\/wp\/v2\/posts\/11939\/revisions\/12519"}],"wp:featuredmedia":[{"embeddable":true,"href":"https:\/\/www.aprioripr.com\/de\/wp-json\/wp\/v2\/media\/11941"}],"wp:attachment":[{"href":"https:\/\/www.aprioripr.com\/de\/wp-json\/wp\/v2\/media?parent=11939"}],"wp:term":[{"taxonomy":"category","embeddable":true,"href":"https:\/\/www.aprioripr.com\/de\/wp-json\/wp\/v2\/categories?post=11939"},{"taxonomy":"post_tag","embeddable":true,"href":"https:\/\/www.aprioripr.com\/de\/wp-json\/wp\/v2\/tags?post=11939"}],"curies":[{"name":"wp","href":"https:\/\/api.w.org\/{rel}","templated":true}]}}